{"id":500,"date":"2020-03-24T11:47:55","date_gmt":"2020-03-24T10:47:55","guid":{"rendered":"http:\/\/eligo.kleindaten.org\/de\/?p=500"},"modified":"2024-04-15T15:24:58","modified_gmt":"2024-04-15T13:24:58","slug":"digital-days-in-ungewoehnlichen-zeiten","status":"publish","type":"post","link":"https:\/\/eligo.de\/de\/2020\/03\/digital-days-in-ungewoehnlichen-zeiten\/","title":{"rendered":"Digital Days in ungew\u00f6hnlichen Zeiten"},"content":{"rendered":"<p>Die derzeitige Situation stellt unsere gewohnte Art zu leben und zu arbeiten ganz sch\u00f6n\u00a0auf den Kopf. Trotzdem k\u00f6nnen Sie sich auch weiterhin auf unseren\u00a0Service\u00a0verlassen und mit uns in Verbindung bleiben \u2013 zum Beispiel schon auf den Digital Days diese Woche!<\/p>\n<p>Das Expofestival TALENTpro 2020 ist verschoben, daher werden wir diese Woche nicht wie geplant als Aussteller und Speaker in M\u00fcnchen sein k\u00f6nnen. Doch die Veranstalter haben in Windeseile ein neues, digitales Event auf die Beine gestellt \u2013 die TALENTpro Digitial Days.<\/p>\n<a href=\"https:\/\/tae529c18.emailsys1a.net\/c\/147\/2693905\/2049\/0\/4949667\/99\/175637\/928e3562e4.html\" class=\"btn btn-green btn-default\">Hier entlang zu den Digitial Days<\/a>\n<h2>Kostenlose Teilnahme am vielf\u00e4ltigen Programm<\/h2>\n<p>In zwei parallelen Livestreams werden von heute bis Donnerstag die Vortr\u00e4ge der TALENTpro f\u00fcr die HR-Community pr\u00e4sentiert, die sich so trotz Verschiebung des Expofestivals vernetzen kann: vier Tage voller Recruiting Knowledge f\u00fcr das B\u00fcro, was in diesen Tagen h\u00e4ufig Home-Office bedeutet. Die Teilnahme ist kostenlos und offen f\u00fcr alle Interessierten. Das Programm bietet Ihnen eine Mischung aus Content-Vortr\u00e4gen, Video-Pitches, Live-Demos und Diskussionsrunden \u2013 melden Sie sich also am besten gleich an.<\/p>\n<p>Wir freuen uns, dass wir als Speaker an dieser tollen Alternative teilnehmen k\u00f6nnen.<\/p>\n<h3>Recruiting in ungew\u00f6hnlichen Zeiten \u2013 wir unterst\u00fctzen Sie<\/h3>\n<p>Wenn Sie in diesen Tagen vor besonderen Herausforderungen stehen und nach alternativen eignungsdiagnostischen L\u00f6sungen f\u00fcr Ihre HR-Prozesse suchen, melden Sie sich bei uns. Unser Leistungsangebot ist vielf\u00e4ltig und erm\u00f6glicht an vielen Stellen den Einsatz digitalisierter Instrumente. Gemeinsam finden wir L\u00f6sungen.<\/p>\n<p>E-Mail:\u00a0 info@eligo.de<\/p>\n<p>Ob online bei den Digital Days, bei einem Telefontermin oder einer Videokonferenz, wir freuen uns auf ein baldiges Zusammenkommen!<\/p>\n","protected":false},"excerpt":{"rendered":"<p>Die derzeitige Situation stellt unsere gewohnte Art zu leben und zu arbeiten ganz sch\u00f6n\u00a0auf den Kopf. Trotzdem k\u00f6nnen Sie sich auch weiterhin auf unseren\u00a0Service\u00a0verlassen und mit uns in Verbindung bleiben \u2013 zum Beispiel schon auf\u2026 <a href=\"https:\/\/eligo.de\/de\/2020\/03\/digital-days-in-ungewoehnlichen-zeiten\/\">mehr lesen &#8230;<\/a><\/p>\n","protected":false},"author":8,"featured_media":0,"comment_status":"open","ping_status":"open","sticky":false,"template":"","format":"standard","meta":{"_acf_changed":false,"inline_featured_image":false,"footnotes":""},"categories":[1],"tags":[],"class_list":["post-500","post","type-post","status-publish","format-standard","hentry","category-companies"],"acf":[],"aioseo_notices":[],"_links":{"self":[{"href":"https:\/\/eligo.de\/de\/wp-json\/wp\/v2\/posts\/500","targetHints":{"allow":["GET"]}}],"collection":[{"href":"https:\/\/eligo.de\/de\/wp-json\/wp\/v2\/posts"}],"about":[{"href":"https:\/\/eligo.de\/de\/wp-json\/wp\/v2\/types\/post"}],"author":[{"embeddable":true,"href":"https:\/\/eligo.de\/de\/wp-json\/wp\/v2\/users\/8"}],"replies":[{"embeddable":true,"href":"https:\/\/eligo.de\/de\/wp-json\/wp\/v2\/comments?post=500"}],"version-history":[{"count":0,"href":"https:\/\/eligo.de\/de\/wp-json\/wp\/v2\/posts\/500\/revisions"}],"wp:attachment":[{"href":"https:\/\/eligo.de\/de\/wp-json\/wp\/v2\/media?parent=500"}],"wp:term":[{"taxonomy":"category","embeddable":true,"href":"https:\/\/eligo.de\/de\/wp-json\/wp\/v2\/categories?post=500"},{"taxonomy":"post_tag","embeddable":true,"href":"https:\/\/eligo.de\/de\/wp-json\/wp\/v2\/tags?post=500"}],"curies":[{"name":"wp","href":"https:\/\/api.w.org\/{rel}","templated":true}]}}