{"id":496,"date":"2019-12-19T11:43:50","date_gmt":"2019-12-19T10:43:50","guid":{"rendered":"http:\/\/eligo.kleindaten.org\/de\/?p=496"},"modified":"2025-11-06T12:19:07","modified_gmt":"2025-11-06T11:19:07","slug":"eligo-in-der-welt-3","status":"publish","type":"post","link":"https:\/\/eligo.de\/de\/2019\/12\/eligo-in-der-welt-3\/","title":{"rendered":"Diagnostische Inklusion mit assistiven Verfahren"},"content":{"rendered":"<p>Der am 3. Dezember begangene internationale Tag der Menschen mit Behinderung sensibilisiert auch Arbeitgeber*innen f\u00fcr die Einstellung von beeintr\u00e4chtigten Menschen. Ebenso sprechen das Allgemeine Gleichbehandlungsgesetz (AGG) wie auch das Thema Diversit\u00e4t als Erfolgskriterium eine klare Sprache. Diese Zielvorstellung ist in der diagnostischen Praxis jedoch nicht selbstverst\u00e4ndlich umgesetzt. Viele Unternehmen erkennen diese Herausforderung und bem\u00fchen sich um einen fairen Nachteilsausgleich f\u00fcr Menschen mit Behinderung in Bewerbungsverfahren \u2013 doch wissen sie auch um ihre Grenzen. Diagnostische Verfahren bed\u00fcrfen dann einer Anpassung bei gleichzeitigem Erhalt der Beurteilungsintegrit\u00e4t; hier setzen wir an.<\/p>\n<p>Assistive Verfahren bieten eine gute M\u00f6glichkeit, um die Vergleichbarkeit zwischen allen Bewerber*innen zu gew\u00e4hrleisten. Verschiedene Assistenz-Ebenen sind dabei denkbar, angefangen von Assistenz-Personen bei regul\u00e4ren Verfahren bis hin zum Einsatz von Screenreadern; diese k\u00f6nnen in Verbindung mit Short-cuts die technische Umsetzung optimieren. Dar\u00fcber hinaus bieten einige unserer Leistungsverfahren die M\u00f6glichkeit, den Bearbeitenden durch Anpassung des Zeitlimits zu assistieren. Dabei gilt, stets im Einzelfall zu entscheiden, ob und welche Hilfsmittel notwendig sind. Zeitgleich ist darauf zu achten, dass das im Fokus stehende Verfahren dadurch nicht beeintr\u00e4chtigt wird.<\/p>\n<p>Verschiedene L\u00f6sungswege sind also denkbar, die sich an den jeweiligen Bedingungen der Zielposition ausrichten. Die m\u00f6glichst gleiche Behandlung von Personen mit Einschr\u00e4nkungen in der Diagnostik sind der Wunsch vieler, hierzu beraten wir gern. Ist die Integration von assistiven Verfahren in den gesamten Bewerbungsprozess erst einmal abgeschlossen, bieten sie die M\u00f6glichkeit, der Inklusion bereits vor einer konkreten Einstellung Rechnung zu tragen.<\/p>\n","protected":false},"excerpt":{"rendered":"<p>Der am 3. Dezember begangene internationale Tag der Menschen mit Behinderung sensibilisiert auch Arbeitgeber*innen f\u00fcr die Einstellung von beeintr\u00e4chtigten Menschen. Ebenso sprechen das Allgemeine Gleichbehandlungsgesetz (AGG) wie auch das Thema Diversit\u00e4t als Erfolgskriterium eine klare\u2026 <a href=\"https:\/\/eligo.de\/de\/2019\/12\/eligo-in-der-welt-3\/\">mehr lesen &#8230;<\/a><\/p>\n","protected":false},"author":8,"featured_media":0,"comment_status":"open","ping_status":"open","sticky":false,"template":"","format":"standard","meta":{"_acf_changed":false,"inline_featured_image":false,"footnotes":""},"categories":[1],"tags":[],"class_list":["post-496","post","type-post","status-publish","format-standard","hentry","category-companies"],"acf":[],"aioseo_notices":[],"_links":{"self":[{"href":"https:\/\/eligo.de\/de\/wp-json\/wp\/v2\/posts\/496","targetHints":{"allow":["GET"]}}],"collection":[{"href":"https:\/\/eligo.de\/de\/wp-json\/wp\/v2\/posts"}],"about":[{"href":"https:\/\/eligo.de\/de\/wp-json\/wp\/v2\/types\/post"}],"author":[{"embeddable":true,"href":"https:\/\/eligo.de\/de\/wp-json\/wp\/v2\/users\/8"}],"replies":[{"embeddable":true,"href":"https:\/\/eligo.de\/de\/wp-json\/wp\/v2\/comments?post=496"}],"version-history":[{"count":0,"href":"https:\/\/eligo.de\/de\/wp-json\/wp\/v2\/posts\/496\/revisions"}],"wp:attachment":[{"href":"https:\/\/eligo.de\/de\/wp-json\/wp\/v2\/media?parent=496"}],"wp:term":[{"taxonomy":"category","embeddable":true,"href":"https:\/\/eligo.de\/de\/wp-json\/wp\/v2\/categories?post=496"},{"taxonomy":"post_tag","embeddable":true,"href":"https:\/\/eligo.de\/de\/wp-json\/wp\/v2\/tags?post=496"}],"curies":[{"name":"wp","href":"https:\/\/api.w.org\/{rel}","templated":true}]}}