{"id":2099,"date":"2023-05-08T09:53:33","date_gmt":"2023-05-08T07:53:33","guid":{"rendered":"https:\/\/eligo.de\/de\/?p=2099"},"modified":"2025-06-06T09:17:10","modified_gmt":"2025-06-06T07:17:10","slug":"umfrageergebnisse-potenzial-mitarbeitende","status":"publish","type":"post","link":"https:\/\/eligo.de\/de\/2023\/05\/umfrageergebnisse-potenzial-mitarbeitende\/","title":{"rendered":"Umfrageergebnisse: Potenziale der Mitarbeitenden f\u00f6rdern"},"content":{"rendered":"<p>Im Rahmen der Saatkorn Online Konferenz sprach unsere Beraterin <a href=\"https:\/\/eligo.de\/de\/wp-content\/uploads\/sites\/2\/2023\/04\/inf-kurzprofil-kw-de-pub-v08.pdf\">Katrin F\u00f6rster<\/a> im Vortrag \u201eMitarbeiterentwicklung als Teil der Employer Brand\u201c dar\u00fcber, wie Personal als wichtigstes Kapital des Unternehmens richtig gef\u00f6rdert werden kann.<\/p>\n<p>Um ein aktuelles Stimmungsbild zu erhalten, hat sie den Konferenzteilnehmenden folgende Frage gestellt:<\/p>\n<h2 style=\"text-align: center;\">Wie f\u00f6rdern Sie die Potenziale Ihrer Mitarbeitenden?<\/h2>\n<p>Die Umfrageergebnisse zeigen: Mit vielen Elementen der Personalentwicklung haben die Teilnehmenden bereits Erfahrung oder Ber\u00fchrungspunkte. Es kann zus\u00e4tzliche T\u00fcren \u00f6ffnen, eine neue Perspektive einzunehmen \u2013 weg von der ausschlie\u00dflichen F\u00f6rderung einzelner, hin zur Potenzialanalyse vieler. So k\u00f6nnen auch St\u00e4rken und Entwicklungsfelder von Mitarbeitenden entdeckt werden, die weniger eigeninitiativ die eigene Karriere vorantreiben.<br \/>\n<a href=\"https:\/\/eligo.de\/de\/wp-content\/uploads\/sites\/2\/2023\/05\/not-saatkorn-konferenz-2023-umfrageergebnisse-int-v01.png\"><img loading=\"lazy\" decoding=\"async\" class=\"aligncenter wp-image-2100 size-large\" src=\"https:\/\/eligo.de\/de\/wp-content\/uploads\/sites\/2\/2023\/05\/not-saatkorn-konferenz-2023-umfrageergebnisse-int-v01-1024x576.png\" alt=\"Ergebnisse der Umfrage &quot;Wie f\u00f6rdern Sie das Potenzial Ihrer Mitarbeitenden?&quot;\" width=\"1024\" height=\"576\" srcset=\"https:\/\/eligo.de\/de\/wp-content\/uploads\/sites\/2\/2023\/05\/not-saatkorn-konferenz-2023-umfrageergebnisse-int-v01-1024x576.png 1024w, https:\/\/eligo.de\/de\/wp-content\/uploads\/sites\/2\/2023\/05\/not-saatkorn-konferenz-2023-umfrageergebnisse-int-v01-800x450.png 800w, https:\/\/eligo.de\/de\/wp-content\/uploads\/sites\/2\/2023\/05\/not-saatkorn-konferenz-2023-umfrageergebnisse-int-v01-768x432.png 768w, https:\/\/eligo.de\/de\/wp-content\/uploads\/sites\/2\/2023\/05\/not-saatkorn-konferenz-2023-umfrageergebnisse-int-v01.png 1280w\" sizes=\"auto, (max-width: 1024px) 100vw, 1024px\" \/><\/a><\/p>\n","protected":false},"excerpt":{"rendered":"<p>Im Rahmen der Saatkorn Online Konferenz sprach unsere Beraterin Katrin F\u00f6rster im Vortrag \u201eMitarbeiterentwicklung als Teil der Employer Brand\u201c dar\u00fcber, wie Personal als wichtigstes Kapital des Unternehmens richtig gef\u00f6rdert werden kann. Um ein aktuelles Stimmungsbild\u2026 <a href=\"https:\/\/eligo.de\/de\/2023\/05\/umfrageergebnisse-potenzial-mitarbeitende\/\">mehr lesen &#8230;<\/a><\/p>\n","protected":false},"author":8,"featured_media":0,"comment_status":"open","ping_status":"open","sticky":false,"template":"","format":"standard","meta":{"_acf_changed":false,"inline_featured_image":false,"footnotes":""},"categories":[1],"tags":[],"class_list":["post-2099","post","type-post","status-publish","format-standard","hentry","category-companies"],"acf":[],"aioseo_notices":[],"_links":{"self":[{"href":"https:\/\/eligo.de\/de\/wp-json\/wp\/v2\/posts\/2099","targetHints":{"allow":["GET"]}}],"collection":[{"href":"https:\/\/eligo.de\/de\/wp-json\/wp\/v2\/posts"}],"about":[{"href":"https:\/\/eligo.de\/de\/wp-json\/wp\/v2\/types\/post"}],"author":[{"embeddable":true,"href":"https:\/\/eligo.de\/de\/wp-json\/wp\/v2\/users\/8"}],"replies":[{"embeddable":true,"href":"https:\/\/eligo.de\/de\/wp-json\/wp\/v2\/comments?post=2099"}],"version-history":[{"count":0,"href":"https:\/\/eligo.de\/de\/wp-json\/wp\/v2\/posts\/2099\/revisions"}],"wp:attachment":[{"href":"https:\/\/eligo.de\/de\/wp-json\/wp\/v2\/media?parent=2099"}],"wp:term":[{"taxonomy":"category","embeddable":true,"href":"https:\/\/eligo.de\/de\/wp-json\/wp\/v2\/categories?post=2099"},{"taxonomy":"post_tag","embeddable":true,"href":"https:\/\/eligo.de\/de\/wp-json\/wp\/v2\/tags?post=2099"}],"curies":[{"name":"wp","href":"https:\/\/api.w.org\/{rel}","templated":true}]}}