{"id":13,"date":"2020-04-15T15:21:47","date_gmt":"2020-04-15T13:21:47","guid":{"rendered":"http:\/\/eligo2021\/de\/?p=13"},"modified":"2024-04-15T15:24:21","modified_gmt":"2024-04-15T13:24:21","slug":"hr-networking-eligo-expertise-im-digitalen-raum","status":"publish","type":"post","link":"https:\/\/eligo.de\/de\/2020\/04\/hr-networking-eligo-expertise-im-digitalen-raum\/","title":{"rendered":"HR-Networking &amp; ELIGO-Expertise im digitalen Raum"},"content":{"rendered":"<h2>ELIGO bei den TALENTpro Digital Days<\/h2>\n<p>Die Digital Days sind vorbei, wir waren als Speaker mit dabei \u2013 Zeit f\u00fcr ein Recap. So oder so \u00e4hnlich funktionierte das Wording bei den Digital Days der TALENTpro. Die rein virtuelle Alternativveranstaltung zum Expofestival f\u00fcr Recruiter*innen hat es auch in Social Distancing-Zeiten m\u00f6glich gemacht, die HR-Community \u00fcber drei Tage zu vernetzen \u2013 und das trotz knapper Vorbereitungszeit von weniger als 2 Wochen. Chapeau!<\/p>\n<p>Ein Geist von Innovation wehte durch die Webinare und in jeder Sequenz wurde deutlich, dass die HR-Branche in Bewegung ist. Mit voller Kraft in die Digitalisierung lautete die Devise. Und das kam an. Insgesamt z\u00e4hlte die Veranstaltung 2.100 Registrierungen f\u00fcr die zwei Livestreams \u2013 und damit knapp 200 Teilnehmer*innen mehr als bei der letztj\u00e4hrigen Pr\u00e4senzmesse. Gut 75 Fachvortr\u00e4ge zu den neusten HR-Trends wurden gehalten, bei einer durchschnittlichen Zuschauerzahl von ca. 180 Personen. Dadurch konnte die digitale Ausgabe sogar ein gr\u00f6\u00dferes Publikum bedienen, als dies vor Ort in M\u00fcnchen m\u00f6glich gewesen w\u00e4re. Online-R\u00e4ume boten die M\u00f6glichkeit, mit den f\u00fchrenden K\u00f6pfen aus der Branche in Kontakt zu treten und die aktuellsten Themen der Recruiting-, Employer-Branding- und Talentmanagement-Szene zu diskutieren. Da durften wir nat\u00fcrlich nicht fehlen.<\/p>\n<p>Unser Gesch\u00e4ftsf\u00fchrer, Dr. Christian Montel erm\u00f6glichte der Community Einblicke in die prognostischen Chancen der psychologischen Eignungsdiagnostik:\u00a0<em>Am besten testen \u2013 heute klarer sehen, was wir morgen m\u00f6gen<\/em>. Bewerber*innen wollen m\u00f6glichst fr\u00fch wissen, ob sie auf lange Zeit gl\u00fccklich mit dem neuen Job sein werden; Recruiter*innen fragen sich ebenso, wie lange eine Neueinstellung bleiben wird. Beide Seiten sind also daran interessiert zu erfahren, wie gut eine Person zu der offenen Stelle passt. Angewandte Psychologie und Online-Assessments helfen dabei. Wir haben Ihnen den Vortrag noch einmal aufbereitet: f\u00fcr alle, die es verpasst haben oder nochmal etwas nachh\u00f6ren wollen.<\/p>\n<p>Viel Spa\u00df!<\/p>\n<div class=\"brlbs-cmpnt-container brlbs-cmpnt-content-blocker brlbs-cmpnt-with-individual-styles\" data-borlabs-cookie-content-blocker-id=\"youtube-content-blocker\" data-borlabs-cookie-content=\"PGRpdiBjbGFzcz0iYnJsYnMtY21wbnQtY2ItZmx1aWQtd2lkdGgtdmlkZW8td3JhcHBlci15b3V0dWJlIj48aWZyYW1lIHRpdGxlPSJXYXMgbGVpc3RlbiBPbmxpbmUtQXNzZXNzbWVudHM\/IEFtIGJlc3RlbiB0ZXN0ZW4g4oCTIGhldXRlIGtsYXJlciBzZWhlbiwgd2FzIHdpciBtb3JnZW4gbcO2Z2VuIiB3aWR0aD0iNTAwIiBoZWlnaHQ9IjI4MSIgc3JjPSJodHRwczovL3d3dy55b3V0dWJlLmNvbS9lbWJlZC9SVXU2S0YySjAtST9mZWF0dXJlPW9lbWJlZCIgZnJhbWVib3JkZXI9IjAiIGFsbG93PSJhY2NlbGVyb21ldGVyOyBhdXRvcGxheTsgY2xpcGJvYXJkLXdyaXRlOyBlbmNyeXB0ZWQtbWVkaWE7IGd5cm9zY29wZTsgcGljdHVyZS1pbi1waWN0dXJlOyB3ZWItc2hhcmUiIHJlZmVycmVycG9saWN5PSJzdHJpY3Qtb3JpZ2luLXdoZW4tY3Jvc3Mtb3JpZ2luIiBhbGxvd2Z1bGxzY3JlZW4+PC9pZnJhbWU+PC9kaXY+\">\n<div class=\"brlbs-cmpnt-cb-preset-c brlbs-cmpnt-cb-youtube\">\n<div class=\"brlbs-cmpnt-cb-thumbnail\" style=\"background-image: url('https:\/\/eligo.de\/de\/wp-content\/uploads\/borlabs-cookie\/2\/yt_RUu6KF2J0-I_hqdefault.jpg')\"><\/div>\n<div class=\"brlbs-cmpnt-cb-main\">\n<div class=\"brlbs-cmpnt-cb-play-button\"><\/div>\n<div class=\"brlbs-cmpnt-cb-content\">\n<p class=\"brlbs-cmpnt-cb-description\">Sie sehen gerade einen Platzhalterinhalt von <strong>YouTube<\/strong>. Um auf den eigentlichen Inhalt zuzugreifen, klicken Sie auf die Schaltfl\u00e4che unten. Bitte beachten Sie, dass dabei Daten an Drittanbieter weitergegeben werden.<\/p>\n<p> <a class=\"brlbs-cmpnt-cb-provider-toggle\" href=\"#\" data-borlabs-cookie-show-provider-information role=\"button\">Mehr Informationen<\/a> <\/div>\n<div class=\"brlbs-cmpnt-cb-buttons\"> <a class=\"brlbs-cmpnt-cb-btn\" href=\"#\" data-borlabs-cookie-unblock role=\"button\">Inhalt entsperren<\/a> <a class=\"brlbs-cmpnt-cb-btn\" href=\"#\" data-borlabs-cookie-accept-service role=\"button\" style=\"display: inherit\">Erforderlichen Service akzeptieren und Inhalte entsperren<\/a> <\/div>\n<\/p><\/div>\n<\/p><\/div>\n<\/div>\n","protected":false},"excerpt":{"rendered":"<p>ELIGO bei den TALENTpro Digital Days Die Digital Days sind vorbei, wir waren als Speaker mit dabei \u2013 Zeit f\u00fcr ein Recap. So oder so \u00e4hnlich funktionierte das Wording bei den Digital Days der TALENTpro.\u2026 <a href=\"https:\/\/eligo.de\/de\/2020\/04\/hr-networking-eligo-expertise-im-digitalen-raum\/\">mehr lesen &#8230;<\/a><\/p>\n","protected":false},"author":1,"featured_media":0,"comment_status":"open","ping_status":"open","sticky":false,"template":"","format":"standard","meta":{"_acf_changed":false,"inline_featured_image":false,"footnotes":""},"categories":[1],"tags":[],"class_list":["post-13","post","type-post","status-publish","format-standard","hentry","category-companies"],"acf":[],"aioseo_notices":[],"_links":{"self":[{"href":"https:\/\/eligo.de\/de\/wp-json\/wp\/v2\/posts\/13","targetHints":{"allow":["GET"]}}],"collection":[{"href":"https:\/\/eligo.de\/de\/wp-json\/wp\/v2\/posts"}],"about":[{"href":"https:\/\/eligo.de\/de\/wp-json\/wp\/v2\/types\/post"}],"author":[{"embeddable":true,"href":"https:\/\/eligo.de\/de\/wp-json\/wp\/v2\/users\/1"}],"replies":[{"embeddable":true,"href":"https:\/\/eligo.de\/de\/wp-json\/wp\/v2\/comments?post=13"}],"version-history":[{"count":0,"href":"https:\/\/eligo.de\/de\/wp-json\/wp\/v2\/posts\/13\/revisions"}],"wp:attachment":[{"href":"https:\/\/eligo.de\/de\/wp-json\/wp\/v2\/media?parent=13"}],"wp:term":[{"taxonomy":"category","embeddable":true,"href":"https:\/\/eligo.de\/de\/wp-json\/wp\/v2\/categories?post=13"},{"taxonomy":"post_tag","embeddable":true,"href":"https:\/\/eligo.de\/de\/wp-json\/wp\/v2\/tags?post=13"}],"curies":[{"name":"wp","href":"https:\/\/api.w.org\/{rel}","templated":true}]}}