{"id":1240,"date":"2022-05-05T11:29:34","date_gmt":"2022-05-05T09:29:34","guid":{"rendered":"http:\/\/eligo.kleindaten.org\/de\/?p=1240"},"modified":"2022-05-18T15:32:00","modified_gmt":"2022-05-18T13:32:00","slug":"charta-der-vielfalt-eligo-ist-dabei","status":"publish","type":"post","link":"https:\/\/eligo.de\/de\/2022\/05\/charta-der-vielfalt-eligo-ist-dabei\/","title":{"rendered":"Charta der Vielfalt: Wir sind dabei"},"content":{"rendered":"<p>Am 31.05 feiert Deutschland den Diversity Tag, den die Charta der Vielfalt 2012 ins Leben gerufen hat. Als gemeinn\u00fctzige Initiative stellt sie umfangreiches und wertvolles Wissen rund um das Thema <strong>Diversity Management<\/strong>. Auch ELIGO hat sich entschieden, ein Teil von ihr zu werden \u2013 um uns von ihren zahlreichen Ideen, Methoden und Hintergrundinformationen inspirieren zu lassen.<\/p>\n<p>Die Charta der Vielfalt ist eine Initiative, die Vielfalt in Unternehmen und Institutionen f\u00f6rdert. Sie setzt sich daf\u00fcr ein, Vielfalt in der Arbeitswelt voranzutreiben, sie anzuerkennen und wertzusch\u00e4tzen. Uns liegt diese Thematik am Herzen und uns ist unsere eigene stetige aber vor allem zeitgem\u00e4\u00dfe Weiterentwicklung sehr wichtig. Deswegen haben wir im Februar 2022 die Urkunde der Charta der Vielfalt unterzeichnet.<\/p>\n<p>Dabei geht es uns um viel mehr als nur eine Unterschrift. Mit unseren Mitarbeiter*innen und f\u00fcr unsere Kunden leben wir Vielfalt tagt\u00e4glich. Als Expert*innen im HR-Bereich f\u00f6rdern wir mit unseren Methoden <strong>Objektivit\u00e4t<\/strong> und <strong>Fairness<\/strong> in den Bereichen <strong>Personalauswahl<\/strong> und -entwicklung. Vielfalt in unserem gemeinsamen Arbeitsalltag bedeutet f\u00fcr uns, in der Zusammenarbeit voneinander und miteinander zu lernen. Ob demokratisch gew\u00e4hlte Vertrauenspersonen oder freiwillige Arbeitsgruppen: Im gemeinsamen Austausch st\u00e4rken wir unsere wertsch\u00e4tzende, offene Unternehmenskultur.<\/p>\n<p>Schauen Sie sich die <a href=\"https:\/\/www.charta-der-vielfalt.de\/\">Charta der Vielfalt<\/a> gerne an und holen Sie sich wertvolle Informationen und Statistiken zum Thema Diversit\u00e4t. Drei Kostproben haben wir f\u00fcr Sie schon zusammengestellt:<\/p>\n<ul>\n<li><a href=\"https:\/\/www.charta-der-vielfalt.de\/fileadmin\/user_upload\/Diversity-Tag\/2022\/Deutscher_Diversity-Tag_2022\/Charta-der-Vielfalt-DDT2022-Fact-Sheet-RZ.pdf\">Factsheet Diversity<\/a><\/li>\n<li><a href=\"https:\/\/www.charta-der-vielfalt.de\/fileadmin\/user_upload\/Diversity-Tag\/2022\/Deutscher_Diversity-Tag_2022\/Factbook_2022.pdf\">Factbook Diversity. Positionen &#8211; Zahlen &#8211; Argumente<\/a><\/li>\n<li><a href=\"https:\/\/www.charta-der-vielfalt.de\/fileadmin\/user_upload\/Studien_Publikationen_Charta\/Charta_der_Vielfalt_-_KMU-Brosch%C3%BCre_2020.pdf\">Zukunftsfaktor Vielfalt &#8211; Diversity Management f\u00fcr den Mittelstand<\/a><\/li>\n<\/ul>\n<a href=\"https:\/\/www.charta-der-vielfalt.de\/\" class=\"btn btn-teal btn-default\">Zur Charta der Vielfalt<\/a>\n","protected":false},"excerpt":{"rendered":"<p>Am 31.05 feiert Deutschland den Diversity Tag, den die Charta der Vielfalt 2012 ins Leben gerufen hat. Als gemeinn\u00fctzige Initiative stellt sie umfangreiches und wertvolles Wissen rund um das Thema Diversity Management. Auch ELIGO hat\u2026 <a href=\"https:\/\/eligo.de\/de\/2022\/05\/charta-der-vielfalt-eligo-ist-dabei\/\">mehr lesen &#8230;<\/a><\/p>\n","protected":false},"author":8,"featured_media":0,"comment_status":"open","ping_status":"open","sticky":false,"template":"","format":"standard","meta":{"_acf_changed":false,"inline_featured_image":false,"footnotes":""},"categories":[1],"tags":[],"class_list":["post-1240","post","type-post","status-publish","format-standard","hentry","category-companies"],"acf":[],"aioseo_notices":[],"_links":{"self":[{"href":"https:\/\/eligo.de\/de\/wp-json\/wp\/v2\/posts\/1240","targetHints":{"allow":["GET"]}}],"collection":[{"href":"https:\/\/eligo.de\/de\/wp-json\/wp\/v2\/posts"}],"about":[{"href":"https:\/\/eligo.de\/de\/wp-json\/wp\/v2\/types\/post"}],"author":[{"embeddable":true,"href":"https:\/\/eligo.de\/de\/wp-json\/wp\/v2\/users\/8"}],"replies":[{"embeddable":true,"href":"https:\/\/eligo.de\/de\/wp-json\/wp\/v2\/comments?post=1240"}],"version-history":[{"count":0,"href":"https:\/\/eligo.de\/de\/wp-json\/wp\/v2\/posts\/1240\/revisions"}],"wp:attachment":[{"href":"https:\/\/eligo.de\/de\/wp-json\/wp\/v2\/media?parent=1240"}],"wp:term":[{"taxonomy":"category","embeddable":true,"href":"https:\/\/eligo.de\/de\/wp-json\/wp\/v2\/categories?post=1240"},{"taxonomy":"post_tag","embeddable":true,"href":"https:\/\/eligo.de\/de\/wp-json\/wp\/v2\/tags?post=1240"}],"curies":[{"name":"wp","href":"https:\/\/api.w.org\/{rel}","templated":true}]}}